{"id":1726,"date":"2022-07-05T18:38:58","date_gmt":"2022-07-05T16:38:58","guid":{"rendered":"https:\/\/sinstorf-hilft.de\/?p=1726"},"modified":"2022-07-05T18:39:00","modified_gmt":"2022-07-05T16:39:00","slug":"forum-wir-in-hamburg-auf-kampnagel","status":"publish","type":"post","link":"https:\/\/sinstorf-hilft.de\/?p=1726","title":{"rendered":"Forum WIR in Hamburg auf Kampnagel"},"content":{"rendered":"\n<h2 class=\"wp-block-heading\">Sehr geehrte Damen und Herren, liebe Aktive,<\/h2>\n\n\n\n<p>wir freuen uns sehr, dass das Forum WIR in Hamburg (ehemals Forum Fl\u00fcchtlingshilfe) nach zwei Jahren der pandemiebedingter Ausf\u00e4lle dieses Jahr wieder stattfinden wird:<\/p>\n\n\n\n<p><strong><a href=\"https:\/\/www.hamburg.de\/wir-in-hamburg\">Forum \u201eWir in Hamburg\u201c<\/a><\/strong><\/p>\n\n\n\n<p>Freitag, den 02.September 2022 von 14 \u2013 ca. 20:30 Uhr<\/p>\n\n\n\n<p>In der Kulturfabrik Kampnagel, Jarrestrasse 20, 22303 Hamburg<\/p>\n\n\n\n<p>Hamburgs erster B\u00fcrgermeister Dr. Peter Tschentscher wird die Veranstaltung er\u00f6ffnen.<\/p>\n\n\n\n<p>Alle, die sich in der Fl\u00fcchtlingshilfe, der Integration von Schutzsuchenden und f\u00fcr ein gutes Miteinander in den Nachbarschaften engagieren, sind herzlich eingeladen, sich auf Kampnagel zu Austausch und Vernetzung zu treffen.<\/p>\n\n\n\n<p>Mit dem Forum schaffen wir wieder den Rahmen f\u00fcr ein breites Informationsangebot auf einem Markt der Akteure, f\u00fcr Statements und Impulse sowie f\u00fcr Vernetzung und Diskussionen. Ein buntes Programm und Mitmachangebote werden die Veranstaltung abrunden. Wir stellen Themen in den Vordergrund, die aktuell von besonderer Bedeutung und den Teilnehmenden wichtig sind, z.B. das Zusammenleben in der Nachbarschaft, das Miteinander in den Quartieren und die weitere Integration von Gefl\u00fcchteten aus aller Welt in Hamburg. Das <a href=\"http:\/\/t.hh.de\/16079432\">Veranstaltungsprogramm<\/a> (<strong><a href=\"http:\/\/t.hh.de\/16079432\">http:\/\/t.hh.de\/16079432<\/a><\/strong>) wird regelm\u00e4\u00dfig aktualisiert.<\/p>\n\n\n\n<p>Wir erwarten zum Forum WIR in Hamburg wieder viele Besucherinnen und Besucher. Der Markt der Akteure ist ein wichtiger und sehr beliebter Teil der Veranstaltung und bietet Initiativen, Projekten und Organisationen die M\u00f6glichkeit, sich mit einem Stand zu pr\u00e4sentieren. <strong><u>Die Anmeldung f\u00fcr einen Stand ist ab sofort m\u00f6glich.<\/u><\/strong> Weitere Informationen und den Link zum Online-Anmeldeformular finden sie auf unserer <a href=\"http:\/\/t.hh.de\/16066346\">Webseite<\/a> (<strong><a href=\"http:\/\/t.hh.de\/16066346\">http:\/\/t.hh.de\/16066346<\/a>)<\/strong><strong>. <\/strong>Es fallen keine Standgeb\u00fchren an.<\/p>\n\n\n\n<p>Wir w\u00fcrden uns sehr freuen, wenn Sie diese Information weiterleiten und bitten darum, Mehrfachsendungen zu entschuldigen.<\/p>\n\n\n\n<p>Herzliche Gr\u00fc\u00dfe<\/p>\n\n\n\n<p>Alexandra Leydecker<\/p>\n\n\n\n<p>Im Namen des<\/p>\n\n\n\n<p><strong>Planungsteams Forum Wir in Hamburg<\/strong><\/p>\n\n\n\n<p>Sozialbeh\u00f6rde<\/p>\n\n\n\n<p>Amt f\u00fcr Arbeit und Integration<\/p>\n\n\n\n<p>Adolph-Sch\u00f6nfelder-Str. 5<\/p>\n\n\n\n<p>22083 Hamburg<\/p>\n","protected":false},"excerpt":{"rendered":"<p>Sehr geehrte Damen und Herren, liebe Aktive, wir freuen uns sehr, dass das Forum WIR in Hamburg (ehemals Forum Fl\u00fcchtlingshilfe) nach zwei Jahren der pandemiebedingter Ausf\u00e4lle dieses Jahr wieder stattfinden &#8230;<\/p>\n","protected":false},"author":3,"featured_media":1728,"comment_status":"closed","ping_status":"closed","sticky":false,"template":"","format":"standard","meta":{"footnotes":""},"categories":[1],"tags":[],"class_list":["post-1726","post","type-post","status-publish","format-standard","has-post-thumbnail","hentry","category-uncategorized"],"_links":{"self":[{"href":"https:\/\/sinstorf-hilft.de\/index.php?rest_route=\/wp\/v2\/posts\/1726","targetHints":{"allow":["GET"]}}],"collection":[{"href":"https:\/\/sinstorf-hilft.de\/index.php?rest_route=\/wp\/v2\/posts"}],"about":[{"href":"https:\/\/sinstorf-hilft.de\/index.php?rest_route=\/wp\/v2\/types\/post"}],"author":[{"embeddable":true,"href":"https:\/\/sinstorf-hilft.de\/index.php?rest_route=\/wp\/v2\/users\/3"}],"replies":[{"embeddable":true,"href":"https:\/\/sinstorf-hilft.de\/index.php?rest_route=%2Fwp%2Fv2%2Fcomments&post=1726"}],"version-history":[{"count":1,"href":"https:\/\/sinstorf-hilft.de\/index.php?rest_route=\/wp\/v2\/posts\/1726\/revisions"}],"predecessor-version":[{"id":1727,"href":"https:\/\/sinstorf-hilft.de\/index.php?rest_route=\/wp\/v2\/posts\/1726\/revisions\/1727"}],"wp:featuredmedia":[{"embeddable":true,"href":"https:\/\/sinstorf-hilft.de\/index.php?rest_route=\/wp\/v2\/media\/1728"}],"wp:attachment":[{"href":"https:\/\/sinstorf-hilft.de\/index.php?rest_route=%2Fwp%2Fv2%2Fmedia&parent=1726"}],"wp:term":[{"taxonomy":"category","embeddable":true,"href":"https:\/\/sinstorf-hilft.de\/index.php?rest_route=%2Fwp%2Fv2%2Fcategories&post=1726"},{"taxonomy":"post_tag","embeddable":true,"href":"https:\/\/sinstorf-hilft.de\/index.php?rest_route=%2Fwp%2Fv2%2Ftags&post=1726"}],"curies":[{"name":"wp","href":"https:\/\/api.w.org\/{rel}","templated":true}]}}