{"id":1710,"date":"2022-06-01T21:27:49","date_gmt":"2022-06-01T19:27:49","guid":{"rendered":"https:\/\/sinstorf-hilft.de\/?p=1710"},"modified":"2022-07-05T18:39:38","modified_gmt":"2022-07-05T16:39:38","slug":"5-geburtstag","status":"publish","type":"post","link":"https:\/\/sinstorf-hilft.de\/?p=1710","title":{"rendered":"5 Jahre Fahrradwerkstatt!"},"content":{"rendered":"\n<figure class=\"wp-block-image size-medium\"><img loading=\"lazy\" decoding=\"async\" width=\"300\" height=\"200\" src=\"https:\/\/sinstorf-hilft.de\/wp-content\/uploads\/2022\/06\/5-Jahre-Fahrradwerkstatt-300x200.png\" alt=\"\" class=\"wp-image-1712\" srcset=\"https:\/\/sinstorf-hilft.de\/wp-content\/uploads\/2022\/06\/5-Jahre-Fahrradwerkstatt-300x200.png 300w, https:\/\/sinstorf-hilft.de\/wp-content\/uploads\/2022\/06\/5-Jahre-Fahrradwerkstatt-1024x683.png 1024w, https:\/\/sinstorf-hilft.de\/wp-content\/uploads\/2022\/06\/5-Jahre-Fahrradwerkstatt-768x512.png 768w, https:\/\/sinstorf-hilft.de\/wp-content\/uploads\/2022\/06\/5-Jahre-Fahrradwerkstatt-1536x1024.png 1536w, https:\/\/sinstorf-hilft.de\/wp-content\/uploads\/2022\/06\/5-Jahre-Fahrradwerkstatt-1320x880.png 1320w, https:\/\/sinstorf-hilft.de\/wp-content\/uploads\/2022\/06\/5-Jahre-Fahrradwerkstatt.png 1920w\" sizes=\"auto, (max-width: 300px) 100vw, 300px\" \/><\/figure>\n\n\n\n<h2 class=\"wp-block-heading\">Alles Gute!<\/h2>\n\n\n\n<p>Liebes Team der Fahrradwerkstatt!<\/p>\n\n\n\n<p>Am 01.06.2017 konntet Ihr die R\u00e4ume in der Winsener Stra\u00dfe 225 beziehen. Seit dem habt Ihr unz\u00e4hlige R\u00e4der entgegengenommen und wieder instandgesetzt, kleine Reparaturen spontan durchgef\u00fchrt und Reifen geflickt. Ihr sorgt ganz wesentlich daf\u00fcr, dass Menschen mobil werden.<\/p>\n\n\n\n<p>Ihr macht einen tollen Job &#8211; vielen Dank daf\u00fcr!<\/p>\n\n\n\n<p>Ich vermute, dass Ihr in der Wohnunterkunft ein fester Bestandteil im Verlauf der Woche seid. Kinder freuen sich darauf, wenn sie Euch mittwochs vor Ort antreffen!<\/p>\n\n\n\n<p>Nicht nur mittwochs vor Ort sein geh\u00f6rt dazu, Ihr k\u00fcmmert Euch auch um ausreichend Material und Ersatzteile. Auch das Beantragen von F\u00f6rdergeldern und deren Abrechnung geh\u00f6ren zu Euren Aufgaben.<\/p>\n\n\n\n<p>Besonders bemerkenswert finde ich, dass es die Fahrradwerkstatt trotz der Pandemie noch gibt. Dazu geh\u00f6rt eine ordentliche Portion Durchhalteverm\u00f6gen!<\/p>\n\n\n\n<p>Im Namen von Sinstorf hilft! und den Wohnunterk\u00fcnften Sinstorfer Kirchweg, Winsener Stra\u00dfe und Rotbergfeld ein ganz gro\u00dfes Dankesch\u00f6n an Euch! Sch\u00f6n, dass es Euch gibt!<\/p>\n\n\n\n<p>Christoph<\/p>\n\n\n\n<div class=\"wp-block-query is-layout-flow wp-block-query-is-layout-flow\"><ul class=\"is-flex-container columns-3 wp-block-post-template is-layout-flow wp-block-post-template-is-layout-flow\"><li class=\"wp-block-post post-1772 post type-post status-publish format-standard has-post-thumbnail hentry category-fahrradwerkstatt\">\n\n<div class=\"wp-block-group\" style=\"padding-top:30px;padding-right:30px;padding-bottom:30px;padding-left:30px\"><div class=\"wp-block-group__inner-container is-layout-flow wp-block-group-is-layout-flow\"><h2 class=\"wp-block-post-title\"><a href=\"https:\/\/sinstorf-hilft.de\/?p=1772\" target=\"_self\" >Fahrradwerkstatt<\/a><\/h2>\n\n<div class=\"wp-block-post-date\"><time datetime=\"2022-11-12T16:32:54+01:00\">12. November 2022<\/time><\/div>\n\n<div class=\"wp-block-post-excerpt\"><p class=\"wp-block-post-excerpt__excerpt\">Die Fahrradwerkstatt bleibt am 16., 23. und 30.11.2022 geschlossen. <\/p><\/div><\/div><\/div>\n\n<\/li><li class=\"wp-block-post post-1769 post type-post status-publish format-standard has-post-thumbnail hentry category-fahrradwerkstatt\">\n\n<div class=\"wp-block-group\" style=\"padding-top:30px;padding-right:30px;padding-bottom:30px;padding-left:30px\"><div class=\"wp-block-group__inner-container is-layout-flow wp-block-group-is-layout-flow\"><h2 class=\"wp-block-post-title\"><a href=\"https:\/\/sinstorf-hilft.de\/?p=1769\" target=\"_self\" >Unsere Fahrradwerkstatt ben\u00f6tigt Unterst\u00fctzung!<\/a><\/h2>\n\n<div class=\"wp-block-post-date\"><time datetime=\"2022-10-11T20:25:20+02:00\">11. Oktober 2022<\/time><\/div>\n\n<div class=\"wp-block-post-excerpt\"><p class=\"wp-block-post-excerpt__excerpt\">Immer mittwochs von 18:00 bis 19:30 Uhr \u00f6ffnen wir die T\u00fcren unserer Werkstatt in der Winsener Stra\u00dfe 225, um Fahrr\u00e4der entgegenzunehmen, vor Ort zu reparieren und an Fl\u00fcchtlinge f\u00fcr einen &#8230; <\/p><\/div><\/div><\/div>\n\n<\/li><li class=\"wp-block-post post-1710 post type-post status-publish format-standard has-post-thumbnail hentry category-fahrradwerkstatt\">\n\n<div class=\"wp-block-group\" style=\"padding-top:30px;padding-right:30px;padding-bottom:30px;padding-left:30px\"><div class=\"wp-block-group__inner-container is-layout-flow wp-block-group-is-layout-flow\"><h2 class=\"wp-block-post-title\"><a href=\"https:\/\/sinstorf-hilft.de\/?p=1710\" target=\"_self\" >5 Jahre Fahrradwerkstatt!<\/a><\/h2>\n\n<div class=\"wp-block-post-date\"><time datetime=\"2022-06-01T21:27:49+02:00\">1. Juni 2022<\/time><\/div>\n\n<div class=\"wp-block-post-excerpt\"><p class=\"wp-block-post-excerpt__excerpt\">Alles Gute! Liebes Team der Fahrradwerkstatt! Am 01.06.2017 konntet Ihr die R\u00e4ume in der Winsener Stra\u00dfe 225 beziehen. Seit dem habt Ihr unz\u00e4hlige R\u00e4der entgegengenommen und wieder instandgesetzt, kleine Reparaturen &#8230; <\/p><\/div><\/div><\/div>\n\n<\/li><li class=\"wp-block-post post-1708 post type-post status-publish format-standard has-post-thumbnail hentry category-fahrradwerkstatt\">\n\n<div class=\"wp-block-group\" style=\"padding-top:30px;padding-right:30px;padding-bottom:30px;padding-left:30px\"><div class=\"wp-block-group__inner-container is-layout-flow wp-block-group-is-layout-flow\"><h2 class=\"wp-block-post-title\"><a href=\"https:\/\/sinstorf-hilft.de\/?p=1708\" target=\"_self\" >R\u00e4der gesucht<\/a><\/h2>\n\n<div class=\"wp-block-post-date\"><time datetime=\"2022-06-01T21:02:31+02:00\">1. Juni 2022<\/time><\/div>\n\n<div class=\"wp-block-post-excerpt\"><p class=\"wp-block-post-excerpt__excerpt\">\u00a0 Unsere Fahrradwerkstatt ben\u00f6tigt dringend R\u00e4der, um diese vor Ort zu reparieren und an gefl\u00fcchtete Menschen zu einem fairen Preis weiterzugeben. Neben Damen- und Herrenr\u00e4der mangelt es insbesondere an Kinder- &#8230; <\/p><\/div><\/div><\/div>\n\n<\/li><li class=\"wp-block-post post-451 post type-post status-publish format-standard hentry category-fahrradwerkstatt\">\n\n<div class=\"wp-block-group\" style=\"padding-top:30px;padding-right:30px;padding-bottom:30px;padding-left:30px\"><div class=\"wp-block-group__inner-container is-layout-flow wp-block-group-is-layout-flow\"><h2 class=\"wp-block-post-title\"><a href=\"https:\/\/sinstorf-hilft.de\/?p=451\" target=\"_self\" >Freizeit-Helden gefunden!<\/a><\/h2>\n\n<div class=\"wp-block-post-date\"><time datetime=\"2017-09-07T19:47:14+02:00\">7. September 2017<\/time><\/div>\n\n<div class=\"wp-block-post-excerpt\"><p class=\"wp-block-post-excerpt__excerpt\">noa 4 ist ein Lokalfernsehsender aus Norderstedt, der seit 2002 aktuelle Nachrichten aus Politik, Kultur, Sport und Gesellschaft sendet. Seit 2008 empfangen an die 200.000 Haushalte von Hamburger Wohnungsbaugenossenschaften und &#8230; <\/p><\/div><\/div><\/div>\n\n<\/li><li class=\"wp-block-post post-279 post type-post status-publish format-standard has-post-thumbnail hentry category-fahrradwerkstatt\">\n\n<div class=\"wp-block-group\" style=\"padding-top:30px;padding-right:30px;padding-bottom:30px;padding-left:30px\"><div class=\"wp-block-group__inner-container is-layout-flow wp-block-group-is-layout-flow\"><h2 class=\"wp-block-post-title\"><a href=\"https:\/\/sinstorf-hilft.de\/?p=279\" target=\"_self\" >R\u00e4ume f\u00fcr die Fahrradwerkstatt sind gefunden!<\/a><\/h2>\n\n<div class=\"wp-block-post-date\"><time datetime=\"2017-06-01T21:04:37+02:00\">1. Juni 2017<\/time><\/div>\n\n<div class=\"wp-block-post-excerpt\"><p class=\"wp-block-post-excerpt__excerpt\">Zu Beginn unserer Arbeit hat sich sehr schnell die Arbeitsgruppe &#8222;Fahrradwerkstatt&#8220; gebildet. Mobilit\u00e4t ist f\u00fcr Menschen wichtig, insbesondere, wenn sie sich kein Auto leisten k\u00f6nnen. Daher hat nahezu jede Fl\u00fcchtlingsinitiative &#8230; <\/p><\/div><\/div><\/div>\n\n<\/li><\/ul><\/div>\n","protected":false},"excerpt":{"rendered":"<p>Alles Gute! Liebes Team der Fahrradwerkstatt! Am 01.06.2017 konntet Ihr die R\u00e4ume in der Winsener Stra\u00dfe 225 beziehen. Seit dem habt Ihr unz\u00e4hlige R\u00e4der entgegengenommen und wieder instandgesetzt, kleine Reparaturen &#8230;<\/p>\n","protected":false},"author":3,"featured_media":1712,"comment_status":"open","ping_status":"closed","sticky":false,"template":"","format":"standard","meta":{"footnotes":""},"categories":[5],"tags":[],"class_list":["post-1710","post","type-post","status-publish","format-standard","has-post-thumbnail","hentry","category-fahrradwerkstatt"],"_links":{"self":[{"href":"https:\/\/sinstorf-hilft.de\/index.php?rest_route=\/wp\/v2\/posts\/1710","targetHints":{"allow":["GET"]}}],"collection":[{"href":"https:\/\/sinstorf-hilft.de\/index.php?rest_route=\/wp\/v2\/posts"}],"about":[{"href":"https:\/\/sinstorf-hilft.de\/index.php?rest_route=\/wp\/v2\/types\/post"}],"author":[{"embeddable":true,"href":"https:\/\/sinstorf-hilft.de\/index.php?rest_route=\/wp\/v2\/users\/3"}],"replies":[{"embeddable":true,"href":"https:\/\/sinstorf-hilft.de\/index.php?rest_route=%2Fwp%2Fv2%2Fcomments&post=1710"}],"version-history":[{"count":5,"href":"https:\/\/sinstorf-hilft.de\/index.php?rest_route=\/wp\/v2\/posts\/1710\/revisions"}],"predecessor-version":[{"id":1724,"href":"https:\/\/sinstorf-hilft.de\/index.php?rest_route=\/wp\/v2\/posts\/1710\/revisions\/1724"}],"wp:featuredmedia":[{"embeddable":true,"href":"https:\/\/sinstorf-hilft.de\/index.php?rest_route=\/wp\/v2\/media\/1712"}],"wp:attachment":[{"href":"https:\/\/sinstorf-hilft.de\/index.php?rest_route=%2Fwp%2Fv2%2Fmedia&parent=1710"}],"wp:term":[{"taxonomy":"category","embeddable":true,"href":"https:\/\/sinstorf-hilft.de\/index.php?rest_route=%2Fwp%2Fv2%2Fcategories&post=1710"},{"taxonomy":"post_tag","embeddable":true,"href":"https:\/\/sinstorf-hilft.de\/index.php?rest_route=%2Fwp%2Fv2%2Ftags&post=1710"}],"curies":[{"name":"wp","href":"https:\/\/api.w.org\/{rel}","templated":true}]}}