{"id":1657,"date":"2022-03-16T13:21:38","date_gmt":"2022-03-16T12:21:38","guid":{"rendered":"https:\/\/sinstorf-hilft.de\/?p=1657"},"modified":"2022-03-16T13:24:01","modified_gmt":"2022-03-16T12:24:01","slug":"1657","status":"publish","type":"post","link":"https:\/\/sinstorf-hilft.de\/?p=1657","title":{"rendered":"Ukraine: Inbetriebnahme einer Unterkunft f\u00fcr Angekommene in Harburg"},"content":{"rendered":"\n<p class=\"has-black-color has-text-color has-medium-font-size\"><strong>Liebe Ehrenamtliche,<\/strong><\/p>\n\n\n\n<p class=\"has-black-color has-text-color has-medium-font-size\">liebe Kolleginnen und Kollegen,<\/p>\n\n\n\n<p class=\"has-black-color has-text-color\" style=\"font-size:15px\">heute (12.03.) am sp\u00e4ten Nachmittag wurde unsere Kreisbereitschaft durch die Innenbeh\u00f6rde alarmiert, um eine Unterkunft f\u00fcr gefl\u00fcchtete Menschen aufzubauen und in Betrieb zu nehmen. Vorausgegangen war eine Vorabanfrage, ob wir den Betrieb einer solchen Einrichtung \u00fcbernehmen w\u00fcrden. Der Aufbau der Einrichtung \u2013 der im ehemaligen Fegros-Markt in Harburg im Moment noch l\u00e4uft \u2013 wird durch die Kreisbereitschaft Eimsb\u00fcttel und Hauptamtliche aus unserem Kreisverband unterst\u00fctzt. Voraussichtlich morgen werden hier die ersten Menschen untergebracht.<\/p>\n\n\n\n<p><\/p>\n\n\n\n<p class=\"has-black-color has-text-color\" style=\"font-size:15px\">Lieben Dank!<\/p>\n\n\n\n<p class=\"has-black-color has-text-color\" style=\"font-size:15px\">Herzliche Gr\u00fc\u00dfe<\/p>\n\n\n\n<p class=\"has-black-color has-text-color\" style=\"font-size:15px\">Harald Halpick<\/p>\n\n\n\n<p class=\"has-black-color has-text-color\" style=\"font-size:15px\">&#8211; Vorstand &#8211;<\/p>\n\n\n\n<p class=\"has-black-color has-text-color\" style=\"font-size:15px\">Deutsches Rotes Kreuz<\/p>\n\n\n\n<p class=\"has-black-color has-text-color\" style=\"font-size:15px\">Kreisverband Hamburg-Harburg e.V.<\/p>\n\n\n\n<p><\/p>\n","protected":false},"excerpt":{"rendered":"<p>Liebe Ehrenamtliche, liebe Kolleginnen und Kollegen, heute (12.03.) am sp\u00e4ten Nachmittag wurde unsere Kreisbereitschaft durch die Innenbeh\u00f6rde alarmiert, um eine Unterkunft f\u00fcr gefl\u00fcchtete Menschen aufzubauen und in Betrieb zu nehmen. &#8230;<\/p>\n","protected":false},"author":3,"featured_media":1634,"comment_status":"closed","ping_status":"closed","sticky":false,"template":"","format":"standard","meta":{"footnotes":""},"categories":[31],"tags":[29,30,28],"class_list":["post-1657","post","type-post","status-publish","format-standard","has-post-thumbnail","hentry","category-ukraine","tag-westandwithukraine","tag-sinstorfhilft","tag-ukraine"],"_links":{"self":[{"href":"https:\/\/sinstorf-hilft.de\/index.php?rest_route=\/wp\/v2\/posts\/1657","targetHints":{"allow":["GET"]}}],"collection":[{"href":"https:\/\/sinstorf-hilft.de\/index.php?rest_route=\/wp\/v2\/posts"}],"about":[{"href":"https:\/\/sinstorf-hilft.de\/index.php?rest_route=\/wp\/v2\/types\/post"}],"author":[{"embeddable":true,"href":"https:\/\/sinstorf-hilft.de\/index.php?rest_route=\/wp\/v2\/users\/3"}],"replies":[{"embeddable":true,"href":"https:\/\/sinstorf-hilft.de\/index.php?rest_route=%2Fwp%2Fv2%2Fcomments&post=1657"}],"version-history":[{"count":2,"href":"https:\/\/sinstorf-hilft.de\/index.php?rest_route=\/wp\/v2\/posts\/1657\/revisions"}],"predecessor-version":[{"id":1659,"href":"https:\/\/sinstorf-hilft.de\/index.php?rest_route=\/wp\/v2\/posts\/1657\/revisions\/1659"}],"wp:featuredmedia":[{"embeddable":true,"href":"https:\/\/sinstorf-hilft.de\/index.php?rest_route=\/wp\/v2\/media\/1634"}],"wp:attachment":[{"href":"https:\/\/sinstorf-hilft.de\/index.php?rest_route=%2Fwp%2Fv2%2Fmedia&parent=1657"}],"wp:term":[{"taxonomy":"category","embeddable":true,"href":"https:\/\/sinstorf-hilft.de\/index.php?rest_route=%2Fwp%2Fv2%2Fcategories&post=1657"},{"taxonomy":"post_tag","embeddable":true,"href":"https:\/\/sinstorf-hilft.de\/index.php?rest_route=%2Fwp%2Fv2%2Ftags&post=1657"}],"curies":[{"name":"wp","href":"https:\/\/api.w.org\/{rel}","templated":true}]}}