{"id":1370,"date":"2020-02-10T20:19:27","date_gmt":"2020-02-10T19:19:27","guid":{"rendered":"http:\/\/sinstorf-hilft.de\/?p=1370"},"modified":"2020-02-10T20:19:29","modified_gmt":"2020-02-10T19:19:29","slug":"freiwillige-fuer-neue-gartengruppe-in-der-winsener-strasse-gesucht","status":"publish","type":"post","link":"https:\/\/sinstorf-hilft.de\/?p=1370","title":{"rendered":"Freiwillige f\u00fcr neue Gartengruppe in der Winsener Stra\u00dfe gesucht"},"content":{"rendered":"\n<p> <strong>Liebe Unterst\u00fctzerInnen von Sinstorf Hilft,<\/strong>     <br>    <br>das verfr\u00fchte Fr\u00fchlingswetter l\u00e4sst meine Gedanken bereits jetzt um Beete und Blumen kreisen. In diesem Jahr m\u00f6chte ich eine <strong>Gartengruppe in der Wohnunterkunft Winsener Stra\u00dfe <\/strong>ansto\u00dfen.     <\/p>\n\n\n\n<p><strong>Gesucht werden freiwillig Engagierte mit Lust auf Gartenarbeit mit Kindern und Erwachsenen.<\/strong>      <br>    Sie w\u00fcrden mit dem <strong>Anlegen von Bl\u00fchstreifen und Wildkr\u00e4uteroasen<\/strong> beginnen und dann &#8211; wenn Sie <strong>Lust<\/strong> haben &#8211; mit <strong>Hochbeeten<\/strong> weitermachen. Ideal w\u00e4re es, wenn wir dadurch BewohnerInnen<strong> inspirieren<\/strong>, ihre Balkone zu begr\u00fcnen und die Unterkunft <strong>mitzugestalten<\/strong>. Wichtige Ziele sind auch die Erh\u00f6hung der <strong>Artenvielfalt und der Insektenschutz<\/strong> sowie die <strong>zwischenmenschliche Begegnung<\/strong>.  Der zeitliche Aufwand richtet sich nach Ihren W\u00fcnschen und den  Erfordernissen des Gartenjahres. Gestalterisch hat die Gartengruppe  gro\u00dfe Freiheit und Platz ist reichlich vorhanden.     <br>    <strong>Wenn Sie Lust haben, melden Sie sich gerne bei mir!<\/strong>     <br>    <br>Bitte leiten Sie diesen Aufruf gerne weiter!     <br>    <br>    Viele Gr\u00fc\u00dfe,<br><br>Dirk Bustorf<br>Teamleiter<br><br>f\u00f6rdern und wohnen <\/p>\n","protected":false},"excerpt":{"rendered":"<p>Liebe Unterst\u00fctzerInnen von Sinstorf Hilft, das verfr\u00fchte Fr\u00fchlingswetter l\u00e4sst meine Gedanken bereits jetzt um Beete und Blumen kreisen. In diesem Jahr m\u00f6chte ich eine Gartengruppe in der Wohnunterkunft Winsener Stra\u00dfe &#8230;<\/p>\n","protected":false},"author":3,"featured_media":0,"comment_status":"closed","ping_status":"closed","sticky":false,"template":"","format":"standard","meta":{"footnotes":""},"categories":[22],"tags":[],"class_list":["post-1370","post","type-post","status-publish","format-standard","hentry","category-winsener-strasse"],"_links":{"self":[{"href":"https:\/\/sinstorf-hilft.de\/index.php?rest_route=\/wp\/v2\/posts\/1370","targetHints":{"allow":["GET"]}}],"collection":[{"href":"https:\/\/sinstorf-hilft.de\/index.php?rest_route=\/wp\/v2\/posts"}],"about":[{"href":"https:\/\/sinstorf-hilft.de\/index.php?rest_route=\/wp\/v2\/types\/post"}],"author":[{"embeddable":true,"href":"https:\/\/sinstorf-hilft.de\/index.php?rest_route=\/wp\/v2\/users\/3"}],"replies":[{"embeddable":true,"href":"https:\/\/sinstorf-hilft.de\/index.php?rest_route=%2Fwp%2Fv2%2Fcomments&post=1370"}],"version-history":[{"count":1,"href":"https:\/\/sinstorf-hilft.de\/index.php?rest_route=\/wp\/v2\/posts\/1370\/revisions"}],"predecessor-version":[{"id":1371,"href":"https:\/\/sinstorf-hilft.de\/index.php?rest_route=\/wp\/v2\/posts\/1370\/revisions\/1371"}],"wp:attachment":[{"href":"https:\/\/sinstorf-hilft.de\/index.php?rest_route=%2Fwp%2Fv2%2Fmedia&parent=1370"}],"wp:term":[{"taxonomy":"category","embeddable":true,"href":"https:\/\/sinstorf-hilft.de\/index.php?rest_route=%2Fwp%2Fv2%2Fcategories&post=1370"},{"taxonomy":"post_tag","embeddable":true,"href":"https:\/\/sinstorf-hilft.de\/index.php?rest_route=%2Fwp%2Fv2%2Ftags&post=1370"}],"curies":[{"name":"wp","href":"https:\/\/api.w.org\/{rel}","templated":true}]}}